{"id":868,"date":"2019-10-21T16:34:12","date_gmt":"2019-10-21T16:34:12","guid":{"rendered":"https:\/\/farinasferro.ddns.net\/?p=868"},"modified":"2019-10-21T20:15:07","modified_gmt":"2019-10-21T20:15:07","slug":"rankings-de-tenis-y-padel","status":"publish","type":"post","link":"https:\/\/farinasferro.ddns.net\/index.php\/2019\/10\/21\/rankings-de-tenis-y-padel\/","title":{"rendered":"Rankings de Tenis y Padel"},"content":{"rendered":"\t\t<div data-elementor-type=\"wp-post\" data-elementor-id=\"868\" class=\"elementor elementor-868\">\n\t\t\t\t\t\t<section class=\"elementor-section elementor-top-section elementor-element elementor-element-27387ca elementor-section-boxed elementor-section-height-default elementor-section-height-default\" data-id=\"27387ca\" data-element_type=\"section\" data-e-type=\"section\">\n\t\t\t\t\t\t<div class=\"elementor-container elementor-column-gap-default\">\n\t\t\t\t\t<div class=\"elementor-column elementor-col-50 elementor-top-column elementor-element elementor-element-e42b92a\" data-id=\"e42b92a\" data-element_type=\"column\" data-e-type=\"column\">\n\t\t\t<div class=\"elementor-widget-wrap elementor-element-populated\">\n\t\t\t\t\t\t<div class=\"elementor-element elementor-element-6a747e0 elementor-widget elementor-widget-text-editor\" data-id=\"6a747e0\" data-element_type=\"widget\" data-e-type=\"widget\" data-widget_type=\"text-editor.default\">\n\t\t\t\t<div class=\"elementor-widget-container\">\n\t\t\t\t\t\t\t\t\t<p>Fruto da colaboraci\u00f3n entre o clube de Tenis Negreira, FF Raquet Sport e o propio Concello , nace o Ranking de Tenis e Padel Negreira, competici\u00f3n non federada que busca como obxectivo principal o fomento da pr\u00e1ctica deportiva no concello asi como a pr\u00e1ctica do tenis e o p\u00e1del entre amigos.<\/p><p>Podedes consultar toda a informaci\u00f3n pinchando no cartel<img fetchpriority=\"high\" decoding=\"async\" class=\"wp-image-818 size-full aligncenter\" src=\"https:\/\/farinasferro.ddns.net\/wp-content\/uploads\/2019\/10\/descarga-3.png\" alt=\"\" width=\"259\" height=\"194\" \/><\/p><p><img decoding=\"async\" class=\"wp-image-661 size-medium aligncenter\" src=\"https:\/\/farinasferro.ddns.net\/wp-content\/uploads\/2019\/09\/Logo3-e1569756035487-300x179.jpg\" alt=\"\" width=\"300\" height=\"179\" srcset=\"https:\/\/farinasferro.ddns.net\/wp-content\/uploads\/2019\/09\/Logo3-e1569756035487-300x179.jpg 300w, https:\/\/farinasferro.ddns.net\/wp-content\/uploads\/2019\/09\/Logo3-e1569756035487-768x458.jpg 768w, https:\/\/farinasferro.ddns.net\/wp-content\/uploads\/2019\/09\/Logo3-e1569756035487.jpg 912w\" sizes=\"(max-width: 300px) 100vw, 300px\" \/><img decoding=\"async\" class=\"wp-image-673 size-thumbnail aligncenter\" src=\"https:\/\/farinasferro.ddns.net\/wp-content\/uploads\/2019\/09\/descarga-150x150.png\" alt=\"\" width=\"150\" height=\"150\" \/><\/p>\t\t\t\t\t\t\t\t<\/div>\n\t\t\t\t<\/div>\n\t\t\t\t\t<\/div>\n\t\t<\/div>\n\t\t\t\t<div class=\"elementor-column elementor-col-50 elementor-top-column elementor-element elementor-element-90574da\" data-id=\"90574da\" data-element_type=\"column\" data-e-type=\"column\">\n\t\t\t<div class=\"elementor-widget-wrap elementor-element-populated\">\n\t\t\t\t\t\t<div class=\"elementor-element elementor-element-ac97363 elementor-widget elementor-widget-image\" data-id=\"ac97363\" data-element_type=\"widget\" data-e-type=\"widget\" data-widget_type=\"image.default\">\n\t\t\t\t<div class=\"elementor-widget-container\">\n\t\t\t\t\t\t\t\t\t\t\t\t\t\t\t\t<a href=\"https:\/\/farinasferro.ddns.net\/index.php\/competiciones\/\" target=\"_blank\">\n\t\t\t\t\t\t\t<img loading=\"lazy\" decoding=\"async\" width=\"768\" height=\"1024\" src=\"https:\/\/farinasferro.ddns.net\/wp-content\/uploads\/2019\/10\/Cartel-ranking-tenis-y-padel-Negreira-768x1024.jpg\" class=\"attachment-large size-large wp-image-866\" alt=\"\" srcset=\"https:\/\/farinasferro.ddns.net\/wp-content\/uploads\/2019\/10\/Cartel-ranking-tenis-y-padel-Negreira.jpg 768w, https:\/\/farinasferro.ddns.net\/wp-content\/uploads\/2019\/10\/Cartel-ranking-tenis-y-padel-Negreira-225x300.jpg 225w\" sizes=\"(max-width: 768px) 100vw, 768px\" \/>\t\t\t\t\t\t\t\t<\/a>\n\t\t\t\t\t\t\t\t\t\t\t\t\t\t\t<\/div>\n\t\t\t\t<\/div>\n\t\t\t\t\t<\/div>\n\t\t<\/div>\n\t\t\t\t\t<\/div>\n\t\t<\/section>\n\t\t\t\t<\/div>\n\t\t","protected":false},"excerpt":{"rendered":"<p>Fruto da colaboraci\u00f3n entre o clube de Tenis Negreira, FF Raquet Sport e o propio Concello , nace o Ranking de Tenis e Padel Negreira, competici\u00f3n non federada que busca como obxectivo principal o fomento da pr\u00e1ctica deportiva no concello asi como a pr\u00e1ctica do tenis e o p\u00e1del entre amigos. Podedes consultar toda a [&hellip;]<\/p>\n","protected":false},"author":1,"featured_media":866,"comment_status":"closed","ping_status":"open","sticky":false,"template":"","format":"standard","meta":{"footnotes":""},"categories":[1],"tags":[],"class_list":["post-868","post","type-post","status-publish","format-standard","has-post-thumbnail","hentry","category-sen-categoria"],"_links":{"self":[{"href":"https:\/\/farinasferro.ddns.net\/index.php\/wp-json\/wp\/v2\/posts\/868","targetHints":{"allow":["GET"]}}],"collection":[{"href":"https:\/\/farinasferro.ddns.net\/index.php\/wp-json\/wp\/v2\/posts"}],"about":[{"href":"https:\/\/farinasferro.ddns.net\/index.php\/wp-json\/wp\/v2\/types\/post"}],"author":[{"embeddable":true,"href":"https:\/\/farinasferro.ddns.net\/index.php\/wp-json\/wp\/v2\/users\/1"}],"replies":[{"embeddable":true,"href":"https:\/\/farinasferro.ddns.net\/index.php\/wp-json\/wp\/v2\/comments?post=868"}],"version-history":[{"count":0,"href":"https:\/\/farinasferro.ddns.net\/index.php\/wp-json\/wp\/v2\/posts\/868\/revisions"}],"wp:featuredmedia":[{"embeddable":true,"href":"https:\/\/farinasferro.ddns.net\/index.php\/wp-json\/wp\/v2\/media\/866"}],"wp:attachment":[{"href":"https:\/\/farinasferro.ddns.net\/index.php\/wp-json\/wp\/v2\/media?parent=868"}],"wp:term":[{"taxonomy":"category","embeddable":true,"href":"https:\/\/farinasferro.ddns.net\/index.php\/wp-json\/wp\/v2\/categories?post=868"},{"taxonomy":"post_tag","embeddable":true,"href":"https:\/\/farinasferro.ddns.net\/index.php\/wp-json\/wp\/v2\/tags?post=868"}],"curies":[{"name":"wp","href":"https:\/\/api.w.org\/{rel}","templated":true}]}}